{"id":3755,"date":"2025-02-20T14:36:27","date_gmt":"2025-02-20T13:36:27","guid":{"rendered":"https:\/\/fertiliberica.es\/sem-categoria\/nova-contratacao-na-fertil-iberica-da-as-boas-vindas-a-mireia-coma\/"},"modified":"2025-02-24T12:43:06","modified_gmt":"2025-02-24T11:43:06","slug":"nova-contratacao-na-fertil-iberica-da-as-boas-vindas-a-mireia-coma","status":"publish","type":"post","link":"https:\/\/fertiliberica.es\/pt-pt\/noticias\/nova-contratacao-na-fertil-iberica-da-as-boas-vindas-a-mireia-coma\/","title":{"rendered":"Nova contrata\u00e7\u00e3o na Fertil Iberica: D\u00e1 as boas-vindas a Mireia Coma!"},"content":{"rendered":"\n<p>Temos o prazer de dar as boas-vindas a <strong>Mireia Coma, MSc., PhD,<\/strong> como nossa nova <strong>Diretora de Inova\u00e7\u00e3o e Desenvolvimento de Neg\u00f3cios na Fertil Iberica<\/strong>.  <\/p>\n\n<p>Com mais de 14 anos de experi\u00eancia no sector <strong>biotecnol\u00f3gico-farmac\u00eautico<\/strong>, a Mireia tem um profundo conhecimento da estrat\u00e9gia cient\u00edfica, da produ\u00e7\u00e3o de provas e da colabora\u00e7\u00e3o com os principais l\u00edderes de opini\u00e3o (KOL) a n\u00edvel global. Desempenhou fun\u00e7\u00f5es-chave no desenvolvimento de neg\u00f3cios, gest\u00e3o m\u00e9dica e investiga\u00e7\u00e3o, bem como uma forte carreira internacional com passagens pela <strong>Harvard Medical School<\/strong> e pelo <strong>Hospital Sant Pau &#8211; CIBER<\/strong>.<\/p>\n\n<p>Na Fertil Iberica, estamos convencidos de que a sua vis\u00e3o inovadora e a sua experi\u00eancia ser\u00e3o fundamentais para impulsionar o crescimento e a transforma\u00e7\u00e3o da empresa.<\/p>\n\n<p>S\u00ea bem-vinda, Mireia! Estamos entusiasmados com o que vamos conseguir juntos.<\/p>\n","protected":false},"excerpt":{"rendered":"<p>Temos o prazer de dar as boas-vindas a Mireia Coma, MSc., PhD, como nossa nova Diretora de Inova\u00e7\u00e3o e Desenvolvimento de Neg\u00f3cios na Fertil Iberica. Com mais de 14 anos de experi\u00eancia no sector biotecnol\u00f3gico-farmac\u00eautico, a Mireia tem um profundo conhecimento da estrat\u00e9gia cient\u00edfica, da produ\u00e7\u00e3o de provas e da colabora\u00e7\u00e3o com os principais l\u00edderes [&hellip;]<\/p>\n","protected":false},"author":2,"featured_media":3756,"comment_status":"closed","ping_status":"closed","sticky":false,"template":"","format":"standard","meta":{"_acf_changed":false,"inline_featured_image":false,"footnotes":""},"categories":[133],"tags":[],"class_list":["post-3755","post","type-post","status-publish","format-standard","has-post-thumbnail","hentry","category-noticias"],"acf":[],"yoast_head":"<!-- This site is optimized with the Yoast SEO plugin v26.8 - https:\/\/yoast.com\/product\/yoast-seo-wordpress\/ -->\n<title>\u25b7Nova contrata\u00e7\u00e3o na Fertil Iberica: D\u00e1 as boas-vindas a Mireia Coma! - \u3010 Fertil Ib\u00e9rica \u3011<\/title>\n<meta name=\"description\" content=\"Temos o prazer de dar as boas-vindas a Mireia Coma, MSc., PhD, como nossa nova Diretora de Inova\u00e7\u00e3o e Desenvolvimento de Neg\u00f3cios na Fertil Iberica. Com \u2713\" \/>\n<meta name=\"robots\" content=\"index, follow, max-snippet:-1, max-image-preview:large, max-video-preview:-1\" \/>\n<link rel=\"canonical\" href=\"https:\/\/fertiliberica.es\/pt-pt\/noticias\/nova-contratacao-na-fertil-iberica-da-as-boas-vindas-a-mireia-coma\/\" \/>\n<meta property=\"og:locale\" content=\"pt_PT\" \/>\n<meta property=\"og:type\" content=\"article\" \/>\n<meta property=\"og:title\" content=\"\u25b7Nova contrata\u00e7\u00e3o na Fertil Iberica: D\u00e1 as boas-vindas a Mireia Coma! - \u3010 Fertil Ib\u00e9rica \u3011\" \/>\n<meta property=\"og:description\" content=\"Temos o prazer de dar as boas-vindas a Mireia Coma, MSc., PhD, como nossa nova Diretora de Inova\u00e7\u00e3o e Desenvolvimento de Neg\u00f3cios na Fertil Iberica. Com \u2713\" \/>\n<meta property=\"og:url\" content=\"https:\/\/fertiliberica.es\/pt-pt\/noticias\/nova-contratacao-na-fertil-iberica-da-as-boas-vindas-a-mireia-coma\/\" \/>\n<meta property=\"og:site_name\" content=\"Fertil Ib\u00e9rica\" \/>\n<meta property=\"article:published_time\" content=\"2025-02-20T13:36:27+00:00\" \/>\n<meta property=\"article:modified_time\" content=\"2025-02-24T11:43:06+00:00\" \/>\n<meta property=\"og:image\" content=\"https:\/\/fertiliberica.es\/wp-content\/uploads\/2025\/02\/Foto_MCOMA-1.jpg\" \/>\n\t<meta property=\"og:image:width\" content=\"1661\" \/>\n\t<meta property=\"og:image:height\" content=\"1451\" \/>\n\t<meta property=\"og:image:type\" content=\"image\/jpeg\" \/>\n<meta name=\"author\" content=\"wwwarcelona\" \/>\n<meta name=\"twitter:card\" content=\"summary_large_image\" \/>\n<meta name=\"twitter:label1\" content=\"Escrito por\" \/>\n\t<meta name=\"twitter:data1\" content=\"wwwarcelona\" \/>\n\t<meta name=\"twitter:label2\" content=\"Tempo estimado de leitura\" \/>\n\t<meta name=\"twitter:data2\" content=\"1 minuto\" \/>\n<script type=\"application\/ld+json\" class=\"yoast-schema-graph\">{\"@context\":\"https:\/\/schema.org\",\"@graph\":[{\"@type\":\"Article\",\"@id\":\"https:\/\/fertiliberica.es\/pt-pt\/noticias\/nova-contratacao-na-fertil-iberica-da-as-boas-vindas-a-mireia-coma\/#article\",\"isPartOf\":{\"@id\":\"https:\/\/fertiliberica.es\/pt-pt\/noticias\/nova-contratacao-na-fertil-iberica-da-as-boas-vindas-a-mireia-coma\/\"},\"author\":{\"name\":\"wwwarcelona\",\"@id\":\"https:\/\/fertiliberica.es\/#\/schema\/person\/8cc0d49c035a0722a3ec6ee395b1649e\"},\"headline\":\"Nova contrata\u00e7\u00e3o na Fertil Iberica: D\u00e1 as boas-vindas a Mireia Coma!\",\"datePublished\":\"2025-02-20T13:36:27+00:00\",\"dateModified\":\"2025-02-24T11:43:06+00:00\",\"mainEntityOfPage\":{\"@id\":\"https:\/\/fertiliberica.es\/pt-pt\/noticias\/nova-contratacao-na-fertil-iberica-da-as-boas-vindas-a-mireia-coma\/\"},\"wordCount\":159,\"publisher\":{\"@id\":\"https:\/\/fertiliberica.es\/#organization\"},\"image\":{\"@id\":\"https:\/\/fertiliberica.es\/pt-pt\/noticias\/nova-contratacao-na-fertil-iberica-da-as-boas-vindas-a-mireia-coma\/#primaryimage\"},\"thumbnailUrl\":\"https:\/\/fertiliberica.es\/wp-content\/uploads\/2025\/02\/Foto_MCOMA-1.jpg\",\"articleSection\":[\"Not\u00edcias\"],\"inLanguage\":\"pt-PT\"},{\"@type\":\"WebPage\",\"@id\":\"https:\/\/fertiliberica.es\/pt-pt\/noticias\/nova-contratacao-na-fertil-iberica-da-as-boas-vindas-a-mireia-coma\/\",\"url\":\"https:\/\/fertiliberica.es\/pt-pt\/noticias\/nova-contratacao-na-fertil-iberica-da-as-boas-vindas-a-mireia-coma\/\",\"name\":\"\u25b7Nova contrata\u00e7\u00e3o na Fertil Iberica: D\u00e1 as boas-vindas a Mireia Coma! - \u3010 Fertil Ib\u00e9rica \u3011\",\"isPartOf\":{\"@id\":\"https:\/\/fertiliberica.es\/#website\"},\"primaryImageOfPage\":{\"@id\":\"https:\/\/fertiliberica.es\/pt-pt\/noticias\/nova-contratacao-na-fertil-iberica-da-as-boas-vindas-a-mireia-coma\/#primaryimage\"},\"image\":{\"@id\":\"https:\/\/fertiliberica.es\/pt-pt\/noticias\/nova-contratacao-na-fertil-iberica-da-as-boas-vindas-a-mireia-coma\/#primaryimage\"},\"thumbnailUrl\":\"https:\/\/fertiliberica.es\/wp-content\/uploads\/2025\/02\/Foto_MCOMA-1.jpg\",\"datePublished\":\"2025-02-20T13:36:27+00:00\",\"dateModified\":\"2025-02-24T11:43:06+00:00\",\"description\":\"Temos o prazer de dar as boas-vindas a Mireia Coma, MSc., PhD, como nossa nova Diretora de Inova\u00e7\u00e3o e Desenvolvimento de Neg\u00f3cios na Fertil Iberica. Com \u2713\",\"breadcrumb\":{\"@id\":\"https:\/\/fertiliberica.es\/pt-pt\/noticias\/nova-contratacao-na-fertil-iberica-da-as-boas-vindas-a-mireia-coma\/#breadcrumb\"},\"inLanguage\":\"pt-PT\",\"potentialAction\":[{\"@type\":\"ReadAction\",\"target\":[\"https:\/\/fertiliberica.es\/pt-pt\/noticias\/nova-contratacao-na-fertil-iberica-da-as-boas-vindas-a-mireia-coma\/\"]}]},{\"@type\":\"ImageObject\",\"inLanguage\":\"pt-PT\",\"@id\":\"https:\/\/fertiliberica.es\/pt-pt\/noticias\/nova-contratacao-na-fertil-iberica-da-as-boas-vindas-a-mireia-coma\/#primaryimage\",\"url\":\"https:\/\/fertiliberica.es\/wp-content\/uploads\/2025\/02\/Foto_MCOMA-1.jpg\",\"contentUrl\":\"https:\/\/fertiliberica.es\/wp-content\/uploads\/2025\/02\/Foto_MCOMA-1.jpg\",\"width\":1661,\"height\":1451},{\"@type\":\"BreadcrumbList\",\"@id\":\"https:\/\/fertiliberica.es\/pt-pt\/noticias\/nova-contratacao-na-fertil-iberica-da-as-boas-vindas-a-mireia-coma\/#breadcrumb\",\"itemListElement\":[{\"@type\":\"ListItem\",\"position\":1,\"name\":\"Portada\",\"item\":\"https:\/\/fertiliberica.es\/pt-pt\/home\/\"},{\"@type\":\"ListItem\",\"position\":2,\"name\":\"Nova contrata\u00e7\u00e3o na Fertil Iberica: D\u00e1 as boas-vindas a Mireia Coma!\"}]},{\"@type\":\"WebSite\",\"@id\":\"https:\/\/fertiliberica.es\/#website\",\"url\":\"https:\/\/fertiliberica.es\/\",\"name\":\"Fertil Ib\u00e9rica\",\"description\":\"T\u00e9cnicas de Reproducci\u00f3n Asistida\",\"publisher\":{\"@id\":\"https:\/\/fertiliberica.es\/#organization\"},\"potentialAction\":[{\"@type\":\"SearchAction\",\"target\":{\"@type\":\"EntryPoint\",\"urlTemplate\":\"https:\/\/fertiliberica.es\/?s={search_term_string}\"},\"query-input\":{\"@type\":\"PropertyValueSpecification\",\"valueRequired\":true,\"valueName\":\"search_term_string\"}}],\"inLanguage\":\"pt-PT\"},{\"@type\":\"Organization\",\"@id\":\"https:\/\/fertiliberica.es\/#organization\",\"name\":\"Fertil Ib\u00e9rica\",\"url\":\"https:\/\/fertiliberica.es\/\",\"logo\":{\"@type\":\"ImageObject\",\"inLanguage\":\"pt-PT\",\"@id\":\"https:\/\/fertiliberica.es\/#\/schema\/logo\/image\/\",\"url\":\"https:\/\/fertiliberica.es\/wp-content\/uploads\/2024\/10\/logo_fertil_iberica.png\",\"contentUrl\":\"https:\/\/fertiliberica.es\/wp-content\/uploads\/2024\/10\/logo_fertil_iberica.png\",\"width\":912,\"height\":357,\"caption\":\"Fertil Ib\u00e9rica\"},\"image\":{\"@id\":\"https:\/\/fertiliberica.es\/#\/schema\/logo\/image\/\"}},{\"@type\":\"Person\",\"@id\":\"https:\/\/fertiliberica.es\/#\/schema\/person\/8cc0d49c035a0722a3ec6ee395b1649e\",\"name\":\"wwwarcelona\",\"image\":{\"@type\":\"ImageObject\",\"inLanguage\":\"pt-PT\",\"@id\":\"https:\/\/fertiliberica.es\/#\/schema\/person\/image\/\",\"url\":\"https:\/\/secure.gravatar.com\/avatar\/22c6e61b197bfcfe682559e4aa8d3534?s=96&d=mm&r=g\",\"contentUrl\":\"https:\/\/secure.gravatar.com\/avatar\/22c6e61b197bfcfe682559e4aa8d3534?s=96&d=mm&r=g\",\"caption\":\"wwwarcelona\"}}]}<\/script>\n<!-- \/ Yoast SEO plugin. -->","yoast_head_json":{"title":"\u25b7Nova contrata\u00e7\u00e3o na Fertil Iberica: D\u00e1 as boas-vindas a Mireia Coma! - \u3010 Fertil Ib\u00e9rica \u3011","description":"Temos o prazer de dar as boas-vindas a Mireia Coma, MSc., PhD, como nossa nova Diretora de Inova\u00e7\u00e3o e Desenvolvimento de Neg\u00f3cios na Fertil Iberica. Com \u2713","robots":{"index":"index","follow":"follow","max-snippet":"max-snippet:-1","max-image-preview":"max-image-preview:large","max-video-preview":"max-video-preview:-1"},"canonical":"https:\/\/fertiliberica.es\/pt-pt\/noticias\/nova-contratacao-na-fertil-iberica-da-as-boas-vindas-a-mireia-coma\/","og_locale":"pt_PT","og_type":"article","og_title":"\u25b7Nova contrata\u00e7\u00e3o na Fertil Iberica: D\u00e1 as boas-vindas a Mireia Coma! - \u3010 Fertil Ib\u00e9rica \u3011","og_description":"Temos o prazer de dar as boas-vindas a Mireia Coma, MSc., PhD, como nossa nova Diretora de Inova\u00e7\u00e3o e Desenvolvimento de Neg\u00f3cios na Fertil Iberica. Com \u2713","og_url":"https:\/\/fertiliberica.es\/pt-pt\/noticias\/nova-contratacao-na-fertil-iberica-da-as-boas-vindas-a-mireia-coma\/","og_site_name":"Fertil Ib\u00e9rica","article_published_time":"2025-02-20T13:36:27+00:00","article_modified_time":"2025-02-24T11:43:06+00:00","og_image":[{"width":1661,"height":1451,"url":"https:\/\/fertiliberica.es\/wp-content\/uploads\/2025\/02\/Foto_MCOMA-1.jpg","type":"image\/jpeg"}],"author":"wwwarcelona","twitter_card":"summary_large_image","twitter_misc":{"Escrito por":"wwwarcelona","Tempo estimado de leitura":"1 minuto"},"schema":{"@context":"https:\/\/schema.org","@graph":[{"@type":"Article","@id":"https:\/\/fertiliberica.es\/pt-pt\/noticias\/nova-contratacao-na-fertil-iberica-da-as-boas-vindas-a-mireia-coma\/#article","isPartOf":{"@id":"https:\/\/fertiliberica.es\/pt-pt\/noticias\/nova-contratacao-na-fertil-iberica-da-as-boas-vindas-a-mireia-coma\/"},"author":{"name":"wwwarcelona","@id":"https:\/\/fertiliberica.es\/#\/schema\/person\/8cc0d49c035a0722a3ec6ee395b1649e"},"headline":"Nova contrata\u00e7\u00e3o na Fertil Iberica: D\u00e1 as boas-vindas a Mireia Coma!","datePublished":"2025-02-20T13:36:27+00:00","dateModified":"2025-02-24T11:43:06+00:00","mainEntityOfPage":{"@id":"https:\/\/fertiliberica.es\/pt-pt\/noticias\/nova-contratacao-na-fertil-iberica-da-as-boas-vindas-a-mireia-coma\/"},"wordCount":159,"publisher":{"@id":"https:\/\/fertiliberica.es\/#organization"},"image":{"@id":"https:\/\/fertiliberica.es\/pt-pt\/noticias\/nova-contratacao-na-fertil-iberica-da-as-boas-vindas-a-mireia-coma\/#primaryimage"},"thumbnailUrl":"https:\/\/fertiliberica.es\/wp-content\/uploads\/2025\/02\/Foto_MCOMA-1.jpg","articleSection":["Not\u00edcias"],"inLanguage":"pt-PT"},{"@type":"WebPage","@id":"https:\/\/fertiliberica.es\/pt-pt\/noticias\/nova-contratacao-na-fertil-iberica-da-as-boas-vindas-a-mireia-coma\/","url":"https:\/\/fertiliberica.es\/pt-pt\/noticias\/nova-contratacao-na-fertil-iberica-da-as-boas-vindas-a-mireia-coma\/","name":"\u25b7Nova contrata\u00e7\u00e3o na Fertil Iberica: D\u00e1 as boas-vindas a Mireia Coma! - \u3010 Fertil Ib\u00e9rica \u3011","isPartOf":{"@id":"https:\/\/fertiliberica.es\/#website"},"primaryImageOfPage":{"@id":"https:\/\/fertiliberica.es\/pt-pt\/noticias\/nova-contratacao-na-fertil-iberica-da-as-boas-vindas-a-mireia-coma\/#primaryimage"},"image":{"@id":"https:\/\/fertiliberica.es\/pt-pt\/noticias\/nova-contratacao-na-fertil-iberica-da-as-boas-vindas-a-mireia-coma\/#primaryimage"},"thumbnailUrl":"https:\/\/fertiliberica.es\/wp-content\/uploads\/2025\/02\/Foto_MCOMA-1.jpg","datePublished":"2025-02-20T13:36:27+00:00","dateModified":"2025-02-24T11:43:06+00:00","description":"Temos o prazer de dar as boas-vindas a Mireia Coma, MSc., PhD, como nossa nova Diretora de Inova\u00e7\u00e3o e Desenvolvimento de Neg\u00f3cios na Fertil Iberica. Com \u2713","breadcrumb":{"@id":"https:\/\/fertiliberica.es\/pt-pt\/noticias\/nova-contratacao-na-fertil-iberica-da-as-boas-vindas-a-mireia-coma\/#breadcrumb"},"inLanguage":"pt-PT","potentialAction":[{"@type":"ReadAction","target":["https:\/\/fertiliberica.es\/pt-pt\/noticias\/nova-contratacao-na-fertil-iberica-da-as-boas-vindas-a-mireia-coma\/"]}]},{"@type":"ImageObject","inLanguage":"pt-PT","@id":"https:\/\/fertiliberica.es\/pt-pt\/noticias\/nova-contratacao-na-fertil-iberica-da-as-boas-vindas-a-mireia-coma\/#primaryimage","url":"https:\/\/fertiliberica.es\/wp-content\/uploads\/2025\/02\/Foto_MCOMA-1.jpg","contentUrl":"https:\/\/fertiliberica.es\/wp-content\/uploads\/2025\/02\/Foto_MCOMA-1.jpg","width":1661,"height":1451},{"@type":"BreadcrumbList","@id":"https:\/\/fertiliberica.es\/pt-pt\/noticias\/nova-contratacao-na-fertil-iberica-da-as-boas-vindas-a-mireia-coma\/#breadcrumb","itemListElement":[{"@type":"ListItem","position":1,"name":"Portada","item":"https:\/\/fertiliberica.es\/pt-pt\/home\/"},{"@type":"ListItem","position":2,"name":"Nova contrata\u00e7\u00e3o na Fertil Iberica: D\u00e1 as boas-vindas a Mireia Coma!"}]},{"@type":"WebSite","@id":"https:\/\/fertiliberica.es\/#website","url":"https:\/\/fertiliberica.es\/","name":"Fertil Ib\u00e9rica","description":"T\u00e9cnicas de Reproducci\u00f3n Asistida","publisher":{"@id":"https:\/\/fertiliberica.es\/#organization"},"potentialAction":[{"@type":"SearchAction","target":{"@type":"EntryPoint","urlTemplate":"https:\/\/fertiliberica.es\/?s={search_term_string}"},"query-input":{"@type":"PropertyValueSpecification","valueRequired":true,"valueName":"search_term_string"}}],"inLanguage":"pt-PT"},{"@type":"Organization","@id":"https:\/\/fertiliberica.es\/#organization","name":"Fertil Ib\u00e9rica","url":"https:\/\/fertiliberica.es\/","logo":{"@type":"ImageObject","inLanguage":"pt-PT","@id":"https:\/\/fertiliberica.es\/#\/schema\/logo\/image\/","url":"https:\/\/fertiliberica.es\/wp-content\/uploads\/2024\/10\/logo_fertil_iberica.png","contentUrl":"https:\/\/fertiliberica.es\/wp-content\/uploads\/2024\/10\/logo_fertil_iberica.png","width":912,"height":357,"caption":"Fertil Ib\u00e9rica"},"image":{"@id":"https:\/\/fertiliberica.es\/#\/schema\/logo\/image\/"}},{"@type":"Person","@id":"https:\/\/fertiliberica.es\/#\/schema\/person\/8cc0d49c035a0722a3ec6ee395b1649e","name":"wwwarcelona","image":{"@type":"ImageObject","inLanguage":"pt-PT","@id":"https:\/\/fertiliberica.es\/#\/schema\/person\/image\/","url":"https:\/\/secure.gravatar.com\/avatar\/22c6e61b197bfcfe682559e4aa8d3534?s=96&d=mm&r=g","contentUrl":"https:\/\/secure.gravatar.com\/avatar\/22c6e61b197bfcfe682559e4aa8d3534?s=96&d=mm&r=g","caption":"wwwarcelona"}}]}},"_links":{"self":[{"href":"https:\/\/fertiliberica.es\/pt-pt\/wp-json\/wp\/v2\/posts\/3755","targetHints":{"allow":["GET"]}}],"collection":[{"href":"https:\/\/fertiliberica.es\/pt-pt\/wp-json\/wp\/v2\/posts"}],"about":[{"href":"https:\/\/fertiliberica.es\/pt-pt\/wp-json\/wp\/v2\/types\/post"}],"author":[{"embeddable":true,"href":"https:\/\/fertiliberica.es\/pt-pt\/wp-json\/wp\/v2\/users\/2"}],"replies":[{"embeddable":true,"href":"https:\/\/fertiliberica.es\/pt-pt\/wp-json\/wp\/v2\/comments?post=3755"}],"version-history":[{"count":2,"href":"https:\/\/fertiliberica.es\/pt-pt\/wp-json\/wp\/v2\/posts\/3755\/revisions"}],"predecessor-version":[{"id":3757,"href":"https:\/\/fertiliberica.es\/pt-pt\/wp-json\/wp\/v2\/posts\/3755\/revisions\/3757"}],"wp:featuredmedia":[{"embeddable":true,"href":"https:\/\/fertiliberica.es\/pt-pt\/wp-json\/wp\/v2\/media\/3756"}],"wp:attachment":[{"href":"https:\/\/fertiliberica.es\/pt-pt\/wp-json\/wp\/v2\/media?parent=3755"}],"wp:term":[{"taxonomy":"category","embeddable":true,"href":"https:\/\/fertiliberica.es\/pt-pt\/wp-json\/wp\/v2\/categories?post=3755"},{"taxonomy":"post_tag","embeddable":true,"href":"https:\/\/fertiliberica.es\/pt-pt\/wp-json\/wp\/v2\/tags?post=3755"}],"curies":[{"name":"wp","href":"https:\/\/api.w.org\/{rel}","templated":true}]}}